{"id":8514,"date":"2022-07-01T09:30:31","date_gmt":"2022-07-01T07:30:31","guid":{"rendered":"https:\/\/www.serinf.it\/?p=8514"},"modified":"2024-06-26T14:14:19","modified_gmt":"2024-06-26T12:14:19","slug":"protel-air-hip-2020","status":"publish","type":"post","link":"https:\/\/www.serinf.it\/es\/blog\/hospitality-eventos\/protel-air-hip-2020\/","title":{"rendered":"protel Air participar\u00e1 en HIP 2020 como expositor"},"content":{"rendered":"<p>Del 24 al 26 de febrero, el Equipo de\u00a0protel Air\u00a0vuelve a HIP, y nos encantar\u00eda poder reunirnos contigo durante la feria.<\/p>\n<p>HIP 2020, feria m\u00e1s importante e innovadora del sector Horeca en Espa\u00f1a<\/p>\n<p>Hospitality Innovation Planet (HIP) se consolida con su nueva edici\u00f3n como\u00a0<strong>la cita m\u00e1s importante e innovadora del sector Horeca en Espa\u00f1a<\/strong>. Del 24 al 26 de febrero volver\u00e1 a convertir a Madrid en el mayor laboratorio internacional de tendencias para el sector Horeca.<\/p>\n<p>Para su cuarta edici\u00f3n, HIP ampliar\u00e1 su espacio hasta los 40.000m2 con tres pabellones en IFEMA y m\u00e1s de 500 marcas expositoras. Se esperan recibir a m\u00e1s de 30.000 profesionales.<\/p>\n<p>Los empresarios y directivos del sector volver\u00e1n a disponer de los contenidos m\u00e1s disruptivos en el Hospitality 4.0 Congress que se convierte en el mayor congreso europeo de innovaci\u00f3n Horeca.<\/p>\n<h2>protel Air participar\u00e1 como expositor en HIP 2020<\/h2>\n<p><strong>Ven a visitarnos en el stand C313 del hall 14.1. Os podremos mostrar de primera mano nuestro PMS Cloud (basado en la nube) creado para la gesti\u00f3n hotelera.<\/strong><\/p>\n<h3><\/h3>\n<h3>Sobre protel Air, el PMS cloud para hoteles<\/h3>\n<p>protel Air es un\u00a0<strong>software hotelero en Cloud creado para mejorar la gesti\u00f3n hotelera.<\/strong><\/p>\n<p>protel cuenta ya con m\u00e1s de 14.000 instalaciones en hoteles, apartamentos, grupos y cadenas hoteleras en m\u00e1s de 90 pa\u00edses. Se integra con la mayor\u00eda de los proveedores de servicios de tecnolog\u00eda que afectan al hotel.<\/p>\n<p>Las principales ventajas de implementar en tu hotel un PMS Cloud como protel Air, te las explicamos\u00a0<strong><a href=\"https:\/\/www.serinf.it\/es\/blog\/hospitality-novedades\/ventajas-pms-cloud-nativo\/\" target=\"_blank\" rel=\"noopener noreferrer\">en este enlace<\/a><\/strong>, pero en resumen, son las siguientes:<\/p>\n<ul>\n<li>Es m\u00e1s econ\u00f3mico que instalar un PMS tradicional basado en servidor, al no tener que pagar costos de alojamiento en servidor y al ser su instalaci\u00f3n gratuita.<\/li>\n<li>Seguridad 24\/7 y actualizaciones autom\u00e1ticas en la nube.<\/li>\n<li>Aumenta la eficiencia en todos los departamentos al facilitar la comunicaci\u00f3n entre ellos en tiempo real.<\/li>\n<\/ul>\n<p>Si necesitas m\u00e1s informaci\u00f3n o no puedes acudir este a\u00f1o a HIP pero estas interesado en hablar con nosotros, por favor cont\u00e1ctanos\u00a0<strong><a href=\"https:\/\/www.serinf.it\/es\/empresa-contactos\/\" target=\"_blank\" rel=\"noopener noreferrer\">aqu\u00ed<\/a><\/strong>.<\/p>\n","protected":false},"excerpt":{"rendered":"<p>Protel Air ser\u00e1 expositor en HIP 2020 desde el 24 al 26 de febrero. Visita a nuestro equipo y conoce nuestro PMS de gesti\u00f3n hotelera.<\/p>\n","protected":false},"author":2,"featured_media":10105,"comment_status":"closed","ping_status":"open","sticky":false,"template":"","format":"standard","meta":[],"categories":[213],"tags":[238,239,254],"acf":[],"yoast_head":"<!-- This site is optimized with the Yoast SEO plugin v20.6 - https:\/\/yoast.com\/wordpress\/plugins\/seo\/ -->\n<title>protel Air participar\u00e1 en HIP 2020 como expositor<\/title>\n<meta name=\"description\" content=\"protel Air ser\u00e1 expositor en HIP 2020 desde el 24 al 26 de febrero. Visita a nuestro equipo y conoce nuestro PMS de gesti\u00f3n hotelera.\" \/>\n<meta name=\"robots\" content=\"index, follow, max-snippet:-1, max-image-preview:large, max-video-preview:-1\" \/>\n<link rel=\"canonical\" href=\"https:\/\/www.serinf.it\/es\/blog\/hospitality-eventos\/protel-air-hip-2020\/\" \/>\n<meta property=\"og:locale\" content=\"es_ES\" \/>\n<meta property=\"og:type\" content=\"article\" \/>\n<meta property=\"og:title\" content=\"protel Air participar\u00e1 en HIP 2020 como expositor\" \/>\n<meta property=\"og:description\" content=\"protel Air ser\u00e1 expositor en HIP 2020 desde el 24 al 26 de febrero. Visita a nuestro equipo y conoce nuestro PMS de gesti\u00f3n hotelera.\" \/>\n<meta property=\"og:url\" content=\"https:\/\/www.serinf.it\/es\/blog\/hospitality-eventos\/protel-air-hip-2020\/\" \/>\n<meta property=\"og:site_name\" content=\"Serenissima Informatica\" \/>\n<meta property=\"article:published_time\" content=\"2022-07-01T07:30:31+00:00\" \/>\n<meta property=\"article:modified_time\" content=\"2024-06-26T12:14:19+00:00\" \/>\n<meta property=\"og:image\" content=\"https:\/\/www.serinf.it\/wp-content\/uploads\/2022\/07\/Cover-blog-HIP-2020.jpg\" \/>\n\t<meta property=\"og:image:width\" content=\"1920\" \/>\n\t<meta property=\"og:image:height\" content=\"1024\" \/>\n\t<meta property=\"og:image:type\" content=\"image\/jpeg\" \/>\n<meta name=\"author\" content=\"Serenissima Informatica\" \/>\n<meta name=\"twitter:card\" content=\"summary_large_image\" \/>\n<meta name=\"twitter:label1\" content=\"Escrito por\" \/>\n\t<meta name=\"twitter:data1\" content=\"Serenissima Informatica\" \/>\n\t<meta name=\"twitter:label2\" content=\"Tiempo de lectura\" \/>\n\t<meta name=\"twitter:data2\" content=\"2 minutos\" \/>\n<script type=\"application\/ld+json\" class=\"yoast-schema-graph\">{\"@context\":\"https:\/\/schema.org\",\"@graph\":[{\"@type\":\"Article\",\"@id\":\"https:\/\/www.serinf.it\/es\/blog\/hospitality-eventos\/protel-air-hip-2020\/#article\",\"isPartOf\":{\"@id\":\"https:\/\/www.serinf.it\/es\/blog\/hospitality-eventos\/protel-air-hip-2020\/\"},\"author\":{\"name\":\"Serenissima Informatica\",\"@id\":\"https:\/\/www.serinf.it\/es\/#\/schema\/person\/d025ae3f6a24f7772eee17065c18408f\"},\"headline\":\"protel Air participar\u00e1 en HIP 2020 como expositor\",\"datePublished\":\"2022-07-01T07:30:31+00:00\",\"dateModified\":\"2024-06-26T12:14:19+00:00\",\"mainEntityOfPage\":{\"@id\":\"https:\/\/www.serinf.it\/es\/blog\/hospitality-eventos\/protel-air-hip-2020\/\"},\"wordCount\":355,\"publisher\":{\"@id\":\"https:\/\/www.serinf.it\/es\/#organization\"},\"keywords\":[\"PMS\",\"protel\",\"transformaci\u00f3n digital\"],\"articleSection\":[\"Eventos\"],\"inLanguage\":\"es\"},{\"@type\":\"WebPage\",\"@id\":\"https:\/\/www.serinf.it\/es\/blog\/hospitality-eventos\/protel-air-hip-2020\/\",\"url\":\"https:\/\/www.serinf.it\/es\/blog\/hospitality-eventos\/protel-air-hip-2020\/\",\"name\":\"protel Air participar\u00e1 en HIP 2020 como expositor\",\"isPartOf\":{\"@id\":\"https:\/\/www.serinf.it\/es\/#website\"},\"datePublished\":\"2022-07-01T07:30:31+00:00\",\"dateModified\":\"2024-06-26T12:14:19+00:00\",\"description\":\"protel Air ser\u00e1 expositor en HIP 2020 desde el 24 al 26 de febrero. Visita a nuestro equipo y conoce nuestro PMS de gesti\u00f3n hotelera.\",\"breadcrumb\":{\"@id\":\"https:\/\/www.serinf.it\/es\/blog\/hospitality-eventos\/protel-air-hip-2020\/#breadcrumb\"},\"inLanguage\":\"es\",\"potentialAction\":[{\"@type\":\"ReadAction\",\"target\":[\"https:\/\/www.serinf.it\/es\/blog\/hospitality-eventos\/protel-air-hip-2020\/\"]}]},{\"@type\":\"BreadcrumbList\",\"@id\":\"https:\/\/www.serinf.it\/es\/blog\/hospitality-eventos\/protel-air-hip-2020\/#breadcrumb\",\"itemListElement\":[{\"@type\":\"ListItem\",\"position\":1,\"name\":\"Home\",\"item\":\"https:\/\/www.serinf.it\/es\/\"},{\"@type\":\"ListItem\",\"position\":2,\"name\":\"Eventos\",\"item\":\"https:\/\/www.serinf.it\/es\/blog\/hospitality-eventos\/\"},{\"@type\":\"ListItem\",\"position\":3,\"name\":\"protel Air participar\u00e1 en HIP 2020 como expositor\"}]},{\"@type\":\"WebSite\",\"@id\":\"https:\/\/www.serinf.it\/es\/#website\",\"url\":\"https:\/\/www.serinf.it\/es\/\",\"name\":\"Serenissima Informatica\",\"description\":\"Il Partner Unico per l&#039;IT\",\"publisher\":{\"@id\":\"https:\/\/www.serinf.it\/es\/#organization\"},\"potentialAction\":[{\"@type\":\"SearchAction\",\"target\":{\"@type\":\"EntryPoint\",\"urlTemplate\":\"https:\/\/www.serinf.it\/es\/?s={search_term_string}\"},\"query-input\":\"required name=search_term_string\"}],\"inLanguage\":\"es\"},{\"@type\":\"Organization\",\"@id\":\"https:\/\/www.serinf.it\/es\/#organization\",\"name\":\"Serenissima informatica SpA\",\"url\":\"https:\/\/www.serinf.it\/es\/\",\"logo\":{\"@type\":\"ImageObject\",\"inLanguage\":\"es\",\"@id\":\"https:\/\/www.serinf.it\/es\/#\/schema\/logo\/image\/\",\"url\":\"https:\/\/www.serinf.it\/wp-content\/uploads\/2022\/04\/logo-serenissima-informatica-black.png\",\"contentUrl\":\"https:\/\/www.serinf.it\/wp-content\/uploads\/2022\/04\/logo-serenissima-informatica-black.png\",\"width\":500,\"height\":75,\"caption\":\"Serenissima informatica SpA\"},\"image\":{\"@id\":\"https:\/\/www.serinf.it\/es\/#\/schema\/logo\/image\/\"}},{\"@type\":\"Person\",\"@id\":\"https:\/\/www.serinf.it\/es\/#\/schema\/person\/d025ae3f6a24f7772eee17065c18408f\",\"name\":\"Serenissima Informatica\",\"image\":{\"@type\":\"ImageObject\",\"inLanguage\":\"es\",\"@id\":\"https:\/\/www.serinf.it\/es\/#\/schema\/person\/image\/\",\"url\":\"https:\/\/secure.gravatar.com\/avatar\/f36288459a0f4e780c26a36b188e0e5d?s=96&d=mm&r=g\",\"contentUrl\":\"https:\/\/secure.gravatar.com\/avatar\/f36288459a0f4e780c26a36b188e0e5d?s=96&d=mm&r=g\",\"caption\":\"Serenissima Informatica\"}}]}<\/script>\n<!-- \/ Yoast SEO plugin. -->","yoast_head_json":{"title":"protel Air participar\u00e1 en HIP 2020 como expositor","description":"protel Air ser\u00e1 expositor en HIP 2020 desde el 24 al 26 de febrero. Visita a nuestro equipo y conoce nuestro PMS de gesti\u00f3n hotelera.","robots":{"index":"index","follow":"follow","max-snippet":"max-snippet:-1","max-image-preview":"max-image-preview:large","max-video-preview":"max-video-preview:-1"},"canonical":"https:\/\/www.serinf.it\/es\/blog\/hospitality-eventos\/protel-air-hip-2020\/","og_locale":"es_ES","og_type":"article","og_title":"protel Air participar\u00e1 en HIP 2020 como expositor","og_description":"protel Air ser\u00e1 expositor en HIP 2020 desde el 24 al 26 de febrero. Visita a nuestro equipo y conoce nuestro PMS de gesti\u00f3n hotelera.","og_url":"https:\/\/www.serinf.it\/es\/blog\/hospitality-eventos\/protel-air-hip-2020\/","og_site_name":"Serenissima Informatica","article_published_time":"2022-07-01T07:30:31+00:00","article_modified_time":"2024-06-26T12:14:19+00:00","og_image":[{"width":1920,"height":1024,"url":"https:\/\/www.serinf.it\/wp-content\/uploads\/2022\/07\/Cover-blog-HIP-2020.jpg","type":"image\/jpeg"}],"author":"Serenissima Informatica","twitter_card":"summary_large_image","twitter_misc":{"Escrito por":"Serenissima Informatica","Tiempo de lectura":"2 minutos"},"schema":{"@context":"https:\/\/schema.org","@graph":[{"@type":"Article","@id":"https:\/\/www.serinf.it\/es\/blog\/hospitality-eventos\/protel-air-hip-2020\/#article","isPartOf":{"@id":"https:\/\/www.serinf.it\/es\/blog\/hospitality-eventos\/protel-air-hip-2020\/"},"author":{"name":"Serenissima Informatica","@id":"https:\/\/www.serinf.it\/es\/#\/schema\/person\/d025ae3f6a24f7772eee17065c18408f"},"headline":"protel Air participar\u00e1 en HIP 2020 como expositor","datePublished":"2022-07-01T07:30:31+00:00","dateModified":"2024-06-26T12:14:19+00:00","mainEntityOfPage":{"@id":"https:\/\/www.serinf.it\/es\/blog\/hospitality-eventos\/protel-air-hip-2020\/"},"wordCount":355,"publisher":{"@id":"https:\/\/www.serinf.it\/es\/#organization"},"keywords":["PMS","protel","transformaci\u00f3n digital"],"articleSection":["Eventos"],"inLanguage":"es"},{"@type":"WebPage","@id":"https:\/\/www.serinf.it\/es\/blog\/hospitality-eventos\/protel-air-hip-2020\/","url":"https:\/\/www.serinf.it\/es\/blog\/hospitality-eventos\/protel-air-hip-2020\/","name":"protel Air participar\u00e1 en HIP 2020 como expositor","isPartOf":{"@id":"https:\/\/www.serinf.it\/es\/#website"},"datePublished":"2022-07-01T07:30:31+00:00","dateModified":"2024-06-26T12:14:19+00:00","description":"protel Air ser\u00e1 expositor en HIP 2020 desde el 24 al 26 de febrero. Visita a nuestro equipo y conoce nuestro PMS de gesti\u00f3n hotelera.","breadcrumb":{"@id":"https:\/\/www.serinf.it\/es\/blog\/hospitality-eventos\/protel-air-hip-2020\/#breadcrumb"},"inLanguage":"es","potentialAction":[{"@type":"ReadAction","target":["https:\/\/www.serinf.it\/es\/blog\/hospitality-eventos\/protel-air-hip-2020\/"]}]},{"@type":"BreadcrumbList","@id":"https:\/\/www.serinf.it\/es\/blog\/hospitality-eventos\/protel-air-hip-2020\/#breadcrumb","itemListElement":[{"@type":"ListItem","position":1,"name":"Home","item":"https:\/\/www.serinf.it\/es\/"},{"@type":"ListItem","position":2,"name":"Eventos","item":"https:\/\/www.serinf.it\/es\/blog\/hospitality-eventos\/"},{"@type":"ListItem","position":3,"name":"protel Air participar\u00e1 en HIP 2020 como expositor"}]},{"@type":"WebSite","@id":"https:\/\/www.serinf.it\/es\/#website","url":"https:\/\/www.serinf.it\/es\/","name":"Serenissima Informatica","description":"Il Partner Unico per l&#039;IT","publisher":{"@id":"https:\/\/www.serinf.it\/es\/#organization"},"potentialAction":[{"@type":"SearchAction","target":{"@type":"EntryPoint","urlTemplate":"https:\/\/www.serinf.it\/es\/?s={search_term_string}"},"query-input":"required name=search_term_string"}],"inLanguage":"es"},{"@type":"Organization","@id":"https:\/\/www.serinf.it\/es\/#organization","name":"Serenissima informatica SpA","url":"https:\/\/www.serinf.it\/es\/","logo":{"@type":"ImageObject","inLanguage":"es","@id":"https:\/\/www.serinf.it\/es\/#\/schema\/logo\/image\/","url":"https:\/\/www.serinf.it\/wp-content\/uploads\/2022\/04\/logo-serenissima-informatica-black.png","contentUrl":"https:\/\/www.serinf.it\/wp-content\/uploads\/2022\/04\/logo-serenissima-informatica-black.png","width":500,"height":75,"caption":"Serenissima informatica SpA"},"image":{"@id":"https:\/\/www.serinf.it\/es\/#\/schema\/logo\/image\/"}},{"@type":"Person","@id":"https:\/\/www.serinf.it\/es\/#\/schema\/person\/d025ae3f6a24f7772eee17065c18408f","name":"Serenissima Informatica","image":{"@type":"ImageObject","inLanguage":"es","@id":"https:\/\/www.serinf.it\/es\/#\/schema\/person\/image\/","url":"https:\/\/secure.gravatar.com\/avatar\/f36288459a0f4e780c26a36b188e0e5d?s=96&d=mm&r=g","contentUrl":"https:\/\/secure.gravatar.com\/avatar\/f36288459a0f4e780c26a36b188e0e5d?s=96&d=mm&r=g","caption":"Serenissima Informatica"}}]}},"_links":{"self":[{"href":"https:\/\/www.serinf.it\/es\/wp-json\/wp\/v2\/posts\/8514"}],"collection":[{"href":"https:\/\/www.serinf.it\/es\/wp-json\/wp\/v2\/posts"}],"about":[{"href":"https:\/\/www.serinf.it\/es\/wp-json\/wp\/v2\/types\/post"}],"author":[{"embeddable":true,"href":"https:\/\/www.serinf.it\/es\/wp-json\/wp\/v2\/users\/2"}],"replies":[{"embeddable":true,"href":"https:\/\/www.serinf.it\/es\/wp-json\/wp\/v2\/comments?post=8514"}],"version-history":[{"count":10,"href":"https:\/\/www.serinf.it\/es\/wp-json\/wp\/v2\/posts\/8514\/revisions"}],"predecessor-version":[{"id":10731,"href":"https:\/\/www.serinf.it\/es\/wp-json\/wp\/v2\/posts\/8514\/revisions\/10731"}],"wp:featuredmedia":[{"embeddable":true,"href":"https:\/\/www.serinf.it\/es\/wp-json\/wp\/v2\/media\/10105"}],"wp:attachment":[{"href":"https:\/\/www.serinf.it\/es\/wp-json\/wp\/v2\/media?parent=8514"}],"wp:term":[{"taxonomy":"category","embeddable":true,"href":"https:\/\/www.serinf.it\/es\/wp-json\/wp\/v2\/categories?post=8514"},{"taxonomy":"post_tag","embeddable":true,"href":"https:\/\/www.serinf.it\/es\/wp-json\/wp\/v2\/tags?post=8514"}],"curies":[{"name":"wp","href":"https:\/\/api.w.org\/{rel}","templated":true}]}}